{"id":4431,"date":"2026-03-16T16:04:46","date_gmt":"2026-03-16T20:04:46","guid":{"rendered":"https:\/\/blondinfortin.ca\/bfa-celebrates-25-years-of-history-and-engineering-copy\/"},"modified":"2026-03-16T16:13:30","modified_gmt":"2026-03-16T20:13:30","slug":"new-nominations-within-our-leadership-team","status":"publish","type":"post","link":"https:\/\/blondinfortin.ca\/en\/new-nominations-within-our-leadership-team\/","title":{"rendered":"New Nominations Within Our Leadership Team"},"content":{"rendered":"\t\t<div data-elementor-type=\"wp-post\" data-elementor-id=\"4431\" class=\"elementor elementor-4431\" data-elementor-post-type=\"post\">\n\t\t\t\t\t\t\t\t\t<section data-particle_enable=\"false\" data-particle-mobile-disabled=\"false\" class=\"elementor-section elementor-top-section elementor-element elementor-element-1b2e8a42 elementor-section-boxed elementor-section-height-default elementor-section-height-default\" data-id=\"1b2e8a42\" data-element_type=\"section\" data-settings=\"{&quot;jet_parallax_layout_list&quot;:[]}\">\n\t\t\t\t\t\t<div class=\"elementor-container elementor-column-gap-default\">\n\t\t\t\t\t<div class=\"elementor-column elementor-col-100 elementor-top-column elementor-element elementor-element-102d241f\" data-id=\"102d241f\" data-element_type=\"column\">\n\t\t\t<div class=\"elementor-widget-wrap elementor-element-populated\">\n\t\t\t\t\t\t\t\t<div class=\"elementor-element elementor-element-2a581b elementor-widget elementor-widget-text-editor\" data-id=\"2a581b\" data-element_type=\"widget\" data-widget_type=\"text-editor.default\">\n\t\t\t\t<div class=\"elementor-widget-container\">\n\t\t\t\t\t\t\t<p>We are pleased to announce several strategic nominations within our leadership team. These nominations reflect the expertise, commitment, and leadership of our professionals, who actively contribute to the growth of our firm and the excellence of our projects.<\/p><p>The nominations are as follows:<\/p><ul><li><strong>St\u00e9phane Bragdon <\/strong>has been named Technical Director \u2013 Mechanical<\/li><li><strong>Fran\u00e7ois Pelletier <\/strong>has been named Assistant Technical Director \u2013 Mechanical<\/li><li><strong>Philippe Lavall\u00e9e <\/strong>has been named Assistant Director of Operations \u2013 Mechanical<\/li><li><strong>Michael Valiquette <\/strong>has been named Assistant Director \u2013 Project Management<\/li><li><strong>Vincent Blondin <\/strong>has been named Director of Operations \u2013 Mechanical<\/li><\/ul><p>These new responsibilities reflect our commitment to strengthening our internal structure, optimizing our processes, and continuing to provide our clients with efficient and high-quality solutions.<\/p><p>Congratulations to each of them on these well-deserved nominations. We wish them every success in their new roles.<\/p>\t\t\t\t\t\t<\/div>\n\t\t\t\t<\/div>\n\t\t\t\t\t<\/div>\n\t\t<\/div>\n\t\t\t\t\t\t\t<\/div>\n\t\t<\/section>\n\t\t\t\t\t\t\t<\/div>\n\t\t","protected":false},"excerpt":{"rendered":"<p>We are pleased to announce several strategic nominations within our leadership team. These nominations reflect the expertise, commitment, and leadership of our professionals, who actively contribute to the growth of our firm and the excellence of our projects.<\/p>\n","protected":false},"author":18,"featured_media":4424,"comment_status":"closed","ping_status":"closed","sticky":false,"template":"","format":"standard","meta":{"site-sidebar-layout":"default","site-content-layout":"default","ast-global-header-display":"","ast-banner-title-visibility":"","ast-main-header-display":"","ast-hfb-above-header-display":"","ast-hfb-below-header-display":"","ast-hfb-mobile-header-display":"","site-post-title":"","ast-breadcrumbs-content":"","ast-featured-img":"","footer-sml-layout":"","theme-transparent-header-meta":"default","adv-header-id-meta":"","stick-header-meta":"","header-above-stick-meta":"","header-main-stick-meta":"","header-below-stick-meta":""},"categories":[31],"tags":[],"acf":[],"yoast_head":"<!-- This site is optimized with the Yoast SEO plugin v20.7 - https:\/\/yoast.com\/wordpress\/plugins\/seo\/ -->\n<title>New Nominations Within Our Leadership Team - Blondin Fortin Associ\u00e9s<\/title>\n<meta name=\"description\" content=\"We are pleased to announce several strategic nominations within our leadership team. These nominations reflect the expertise, commitment, and leadership of our professionals, who actively contribute to the growth of our firm and the excellence of our projects.\" \/>\n<meta name=\"robots\" content=\"index, follow, max-snippet:-1, max-image-preview:large, max-video-preview:-1\" \/>\n<link rel=\"canonical\" href=\"https:\/\/blondinfortin.ca\/en\/new-nominations-within-our-leadership-team\/\" \/>\n<meta property=\"og:locale\" content=\"en_US\" \/>\n<meta property=\"og:type\" content=\"article\" \/>\n<meta property=\"og:title\" content=\"New Nominations Within Our Leadership Team - Blondin Fortin Associ\u00e9s\" \/>\n<meta property=\"og:description\" content=\"We are pleased to announce several strategic nominations within our leadership team. These nominations reflect the expertise, commitment, and leadership of our professionals, who actively contribute to the growth of our firm and the excellence of our projects.\" \/>\n<meta property=\"og:url\" content=\"https:\/\/blondinfortin.ca\/en\/new-nominations-within-our-leadership-team\/\" \/>\n<meta property=\"og:site_name\" content=\"Blondin Fortin Associ\u00e9s\" \/>\n<meta property=\"article:published_time\" content=\"2026-03-16T20:04:46+00:00\" \/>\n<meta property=\"article:modified_time\" content=\"2026-03-16T20:13:30+00:00\" \/>\n<meta property=\"og:image\" content=\"https:\/\/blondinfortin.ca\/wp-content\/uploads\/2026\/03\/Visuel.jpg\" \/>\n\t<meta property=\"og:image:width\" content=\"1188\" \/>\n\t<meta property=\"og:image:height\" content=\"546\" \/>\n\t<meta property=\"og:image:type\" content=\"image\/jpeg\" \/>\n<meta name=\"author\" content=\"edeschenes@blondinfortin.ca\" \/>\n<meta name=\"twitter:card\" content=\"summary_large_image\" \/>\n<meta name=\"twitter:label1\" content=\"Written by\" \/>\n\t<meta name=\"twitter:data1\" content=\"edeschenes@blondinfortin.ca\" \/>\n\t<meta name=\"twitter:label2\" content=\"Est. reading time\" \/>\n\t<meta name=\"twitter:data2\" content=\"1 minute\" \/>\n<script type=\"application\/ld+json\" class=\"yoast-schema-graph\">{\"@context\":\"https:\/\/schema.org\",\"@graph\":[{\"@type\":\"Article\",\"@id\":\"https:\/\/blondinfortin.ca\/en\/new-nominations-within-our-leadership-team\/#article\",\"isPartOf\":{\"@id\":\"https:\/\/blondinfortin.ca\/en\/new-nominations-within-our-leadership-team\/\"},\"author\":{\"name\":\"edeschenes@blondinfortin.ca\",\"@id\":\"https:\/\/blondinfortin.ca\/en\/#\/schema\/person\/d5e311968a21eadddfc41183eae6d812\"},\"headline\":\"New Nominations Within Our Leadership Team\",\"datePublished\":\"2026-03-16T20:04:46+00:00\",\"dateModified\":\"2026-03-16T20:13:30+00:00\",\"mainEntityOfPage\":{\"@id\":\"https:\/\/blondinfortin.ca\/en\/new-nominations-within-our-leadership-team\/\"},\"wordCount\":140,\"publisher\":{\"@id\":\"https:\/\/blondinfortin.ca\/en\/#organization\"},\"inLanguage\":\"en-US\"},{\"@type\":\"WebPage\",\"@id\":\"https:\/\/blondinfortin.ca\/en\/new-nominations-within-our-leadership-team\/\",\"url\":\"https:\/\/blondinfortin.ca\/en\/new-nominations-within-our-leadership-team\/\",\"name\":\"New Nominations Within Our Leadership Team - Blondin Fortin Associ\u00e9s\",\"isPartOf\":{\"@id\":\"https:\/\/blondinfortin.ca\/en\/#website\"},\"datePublished\":\"2026-03-16T20:04:46+00:00\",\"dateModified\":\"2026-03-16T20:13:30+00:00\",\"description\":\"We are pleased to announce several strategic nominations within our leadership team. These nominations reflect the expertise, commitment, and leadership of our professionals, who actively contribute to the growth of our firm and the excellence of our projects.\",\"breadcrumb\":{\"@id\":\"https:\/\/blondinfortin.ca\/en\/new-nominations-within-our-leadership-team\/#breadcrumb\"},\"inLanguage\":\"en-US\",\"potentialAction\":[{\"@type\":\"ReadAction\",\"target\":[\"https:\/\/blondinfortin.ca\/en\/new-nominations-within-our-leadership-team\/\"]}]},{\"@type\":\"BreadcrumbList\",\"@id\":\"https:\/\/blondinfortin.ca\/en\/new-nominations-within-our-leadership-team\/#breadcrumb\",\"itemListElement\":[{\"@type\":\"ListItem\",\"position\":1,\"name\":\"Home\",\"item\":\"https:\/\/blondinfortin.ca\/en\/\"},{\"@type\":\"ListItem\",\"position\":2,\"name\":\"New Nominations Within Our Leadership Team\"}]},{\"@type\":\"WebSite\",\"@id\":\"https:\/\/blondinfortin.ca\/en\/#website\",\"url\":\"https:\/\/blondinfortin.ca\/en\/\",\"name\":\"Blondin Fortin Associ\u00e9s\",\"description\":\"Ing\u00e9nieurs experts-conseils en b\u00e2timent\",\"publisher\":{\"@id\":\"https:\/\/blondinfortin.ca\/en\/#organization\"},\"potentialAction\":[{\"@type\":\"SearchAction\",\"target\":{\"@type\":\"EntryPoint\",\"urlTemplate\":\"https:\/\/blondinfortin.ca\/en\/?s={search_term_string}\"},\"query-input\":\"required name=search_term_string\"}],\"inLanguage\":\"en-US\"},{\"@type\":\"Organization\",\"@id\":\"https:\/\/blondinfortin.ca\/en\/#organization\",\"name\":\"Blondin Fortin Associ\u00e9s\",\"url\":\"https:\/\/blondinfortin.ca\/en\/\",\"logo\":{\"@type\":\"ImageObject\",\"inLanguage\":\"en-US\",\"@id\":\"https:\/\/blondinfortin.ca\/en\/#\/schema\/logo\/image\/\",\"url\":\"https:\/\/blondinfortin.ca\/wp-content\/uploads\/2019\/07\/blondin-fortin-logo.jpg\",\"contentUrl\":\"https:\/\/blondinfortin.ca\/wp-content\/uploads\/2019\/07\/blondin-fortin-logo.jpg\",\"width\":255,\"height\":150,\"caption\":\"Blondin Fortin Associ\u00e9s\"},\"image\":{\"@id\":\"https:\/\/blondinfortin.ca\/en\/#\/schema\/logo\/image\/\"}},{\"@type\":\"Person\",\"@id\":\"https:\/\/blondinfortin.ca\/en\/#\/schema\/person\/d5e311968a21eadddfc41183eae6d812\",\"name\":\"edeschenes@blondinfortin.ca\",\"image\":{\"@type\":\"ImageObject\",\"inLanguage\":\"en-US\",\"@id\":\"https:\/\/blondinfortin.ca\/en\/#\/schema\/person\/image\/\",\"url\":\"https:\/\/secure.gravatar.com\/avatar\/18453314c3fd596af9f63c4456b0598c?s=96&d=mm&r=g\",\"contentUrl\":\"https:\/\/secure.gravatar.com\/avatar\/18453314c3fd596af9f63c4456b0598c?s=96&d=mm&r=g\",\"caption\":\"edeschenes@blondinfortin.ca\"},\"url\":\"https:\/\/blondinfortin.ca\/en\/author\/edeschenesblondinfortin-ca\/\"}]}<\/script>\n<!-- \/ Yoast SEO plugin. -->","yoast_head_json":{"title":"New Nominations Within Our Leadership Team - Blondin Fortin Associ\u00e9s","description":"We are pleased to announce several strategic nominations within our leadership team. These nominations reflect the expertise, commitment, and leadership of our professionals, who actively contribute to the growth of our firm and the excellence of our projects.","robots":{"index":"index","follow":"follow","max-snippet":"max-snippet:-1","max-image-preview":"max-image-preview:large","max-video-preview":"max-video-preview:-1"},"canonical":"https:\/\/blondinfortin.ca\/en\/new-nominations-within-our-leadership-team\/","og_locale":"en_US","og_type":"article","og_title":"New Nominations Within Our Leadership Team - Blondin Fortin Associ\u00e9s","og_description":"We are pleased to announce several strategic nominations within our leadership team. These nominations reflect the expertise, commitment, and leadership of our professionals, who actively contribute to the growth of our firm and the excellence of our projects.","og_url":"https:\/\/blondinfortin.ca\/en\/new-nominations-within-our-leadership-team\/","og_site_name":"Blondin Fortin Associ\u00e9s","article_published_time":"2026-03-16T20:04:46+00:00","article_modified_time":"2026-03-16T20:13:30+00:00","og_image":[{"width":1188,"height":546,"url":"https:\/\/blondinfortin.ca\/wp-content\/uploads\/2026\/03\/Visuel.jpg","type":"image\/jpeg"}],"author":"edeschenes@blondinfortin.ca","twitter_card":"summary_large_image","twitter_misc":{"Written by":"edeschenes@blondinfortin.ca","Est. reading time":"1 minute"},"schema":{"@context":"https:\/\/schema.org","@graph":[{"@type":"Article","@id":"https:\/\/blondinfortin.ca\/en\/new-nominations-within-our-leadership-team\/#article","isPartOf":{"@id":"https:\/\/blondinfortin.ca\/en\/new-nominations-within-our-leadership-team\/"},"author":{"name":"edeschenes@blondinfortin.ca","@id":"https:\/\/blondinfortin.ca\/en\/#\/schema\/person\/d5e311968a21eadddfc41183eae6d812"},"headline":"New Nominations Within Our Leadership Team","datePublished":"2026-03-16T20:04:46+00:00","dateModified":"2026-03-16T20:13:30+00:00","mainEntityOfPage":{"@id":"https:\/\/blondinfortin.ca\/en\/new-nominations-within-our-leadership-team\/"},"wordCount":140,"publisher":{"@id":"https:\/\/blondinfortin.ca\/en\/#organization"},"inLanguage":"en-US"},{"@type":"WebPage","@id":"https:\/\/blondinfortin.ca\/en\/new-nominations-within-our-leadership-team\/","url":"https:\/\/blondinfortin.ca\/en\/new-nominations-within-our-leadership-team\/","name":"New Nominations Within Our Leadership Team - Blondin Fortin Associ\u00e9s","isPartOf":{"@id":"https:\/\/blondinfortin.ca\/en\/#website"},"datePublished":"2026-03-16T20:04:46+00:00","dateModified":"2026-03-16T20:13:30+00:00","description":"We are pleased to announce several strategic nominations within our leadership team. These nominations reflect the expertise, commitment, and leadership of our professionals, who actively contribute to the growth of our firm and the excellence of our projects.","breadcrumb":{"@id":"https:\/\/blondinfortin.ca\/en\/new-nominations-within-our-leadership-team\/#breadcrumb"},"inLanguage":"en-US","potentialAction":[{"@type":"ReadAction","target":["https:\/\/blondinfortin.ca\/en\/new-nominations-within-our-leadership-team\/"]}]},{"@type":"BreadcrumbList","@id":"https:\/\/blondinfortin.ca\/en\/new-nominations-within-our-leadership-team\/#breadcrumb","itemListElement":[{"@type":"ListItem","position":1,"name":"Home","item":"https:\/\/blondinfortin.ca\/en\/"},{"@type":"ListItem","position":2,"name":"New Nominations Within Our Leadership Team"}]},{"@type":"WebSite","@id":"https:\/\/blondinfortin.ca\/en\/#website","url":"https:\/\/blondinfortin.ca\/en\/","name":"Blondin Fortin Associ\u00e9s","description":"Ing\u00e9nieurs experts-conseils en b\u00e2timent","publisher":{"@id":"https:\/\/blondinfortin.ca\/en\/#organization"},"potentialAction":[{"@type":"SearchAction","target":{"@type":"EntryPoint","urlTemplate":"https:\/\/blondinfortin.ca\/en\/?s={search_term_string}"},"query-input":"required name=search_term_string"}],"inLanguage":"en-US"},{"@type":"Organization","@id":"https:\/\/blondinfortin.ca\/en\/#organization","name":"Blondin Fortin Associ\u00e9s","url":"https:\/\/blondinfortin.ca\/en\/","logo":{"@type":"ImageObject","inLanguage":"en-US","@id":"https:\/\/blondinfortin.ca\/en\/#\/schema\/logo\/image\/","url":"https:\/\/blondinfortin.ca\/wp-content\/uploads\/2019\/07\/blondin-fortin-logo.jpg","contentUrl":"https:\/\/blondinfortin.ca\/wp-content\/uploads\/2019\/07\/blondin-fortin-logo.jpg","width":255,"height":150,"caption":"Blondin Fortin Associ\u00e9s"},"image":{"@id":"https:\/\/blondinfortin.ca\/en\/#\/schema\/logo\/image\/"}},{"@type":"Person","@id":"https:\/\/blondinfortin.ca\/en\/#\/schema\/person\/d5e311968a21eadddfc41183eae6d812","name":"edeschenes@blondinfortin.ca","image":{"@type":"ImageObject","inLanguage":"en-US","@id":"https:\/\/blondinfortin.ca\/en\/#\/schema\/person\/image\/","url":"https:\/\/secure.gravatar.com\/avatar\/18453314c3fd596af9f63c4456b0598c?s=96&d=mm&r=g","contentUrl":"https:\/\/secure.gravatar.com\/avatar\/18453314c3fd596af9f63c4456b0598c?s=96&d=mm&r=g","caption":"edeschenes@blondinfortin.ca"},"url":"https:\/\/blondinfortin.ca\/en\/author\/edeschenesblondinfortin-ca\/"}]}},"_links":{"self":[{"href":"https:\/\/blondinfortin.ca\/en\/wp-json\/wp\/v2\/posts\/4431"}],"collection":[{"href":"https:\/\/blondinfortin.ca\/en\/wp-json\/wp\/v2\/posts"}],"about":[{"href":"https:\/\/blondinfortin.ca\/en\/wp-json\/wp\/v2\/types\/post"}],"author":[{"embeddable":true,"href":"https:\/\/blondinfortin.ca\/en\/wp-json\/wp\/v2\/users\/18"}],"replies":[{"embeddable":true,"href":"https:\/\/blondinfortin.ca\/en\/wp-json\/wp\/v2\/comments?post=4431"}],"version-history":[{"count":5,"href":"https:\/\/blondinfortin.ca\/en\/wp-json\/wp\/v2\/posts\/4431\/revisions"}],"predecessor-version":[{"id":4437,"href":"https:\/\/blondinfortin.ca\/en\/wp-json\/wp\/v2\/posts\/4431\/revisions\/4437"}],"wp:featuredmedia":[{"embeddable":true,"href":"https:\/\/blondinfortin.ca\/en\/wp-json\/wp\/v2\/media\/4424"}],"wp:attachment":[{"href":"https:\/\/blondinfortin.ca\/en\/wp-json\/wp\/v2\/media?parent=4431"}],"wp:term":[{"taxonomy":"category","embeddable":true,"href":"https:\/\/blondinfortin.ca\/en\/wp-json\/wp\/v2\/categories?post=4431"},{"taxonomy":"post_tag","embeddable":true,"href":"https:\/\/blondinfortin.ca\/en\/wp-json\/wp\/v2\/tags?post=4431"}],"curies":[{"name":"wp","href":"https:\/\/api.w.org\/{rel}","templated":true}]}}